{"id":27382,"date":"2026-09-04T05:53:29","date_gmt":"2026-09-04T05:53:29","guid":{"rendered":"https:\/\/pws.software\/stelin-auto\/?p=27382"},"modified":"2026-09-04T05:53:36","modified_gmt":"2026-09-04T05:53:36","slug":"tronok-harcatol-tavol-cimu-videojatek-emmy-dijai-es-vulkan-vegas-promocios-kodok-jelolesei","status":"publish","type":"post","link":"https:\/\/pws.software\/stelin-auto\/2026\/09\/04\/tronok-harcatol-tavol-cimu-videojatek-emmy-dijai-es-vulkan-vegas-promocios-kodok-jelolesei\/","title":{"rendered":"Tr\u00f3nok harc\u00e1t\u00f3l t\u00e1vol c\u00edm\u0171 videoj\u00e1t\u00e9k Emmy-d\u00edjai \u00e9s vulkan vegas prom\u00f3ci\u00f3s k\u00f3dok jel\u00f6l\u00e9sei"},"content":{"rendered":"<body><p><\/p>\n<div class=\"toc\" style=\"background: #f9f9f9;border: 1px solid #aaa;display: table;margin-bottom: 1em;padding: 1em;width: 350px;\">\n<p style=\"font-weight: 700;text-align: center;\">Bejegyz\u00e9sek<\/p>\n<ul>\n<li><a href=\"#toc-0\">\u2018Tr\u00f3nok harca\u2019 utols\u00f3 \u00e9v podcast: Mennyibe ker\u00fcl a leg\u00fajabb Bells a m\u0171sor fin\u00e1l\u00e9j\u00e1ig: vulkan vegas prom\u00f3ci\u00f3s k\u00f3dok<\/a><\/li>\n<li><a href=\"#toc-1\">Az utols\u00f3 Lannistereid k\u00f6z\u00fcl egy \u00fajabb r\u00f6vid tan\u00e1cskoz\u00e1st vezetnek<\/a><\/li>\n<li><a href=\"#toc-2\">Gy\u0151ztes: Drogon<\/a><\/li>\n<\/ul>\n<\/div>\n<p>\u201eEgy ment\u00e1lis l\u00e9nynek tanfolyamokra van sz\u00fcks\u00e9ge, mint egy kardnak j\u00f3 fen\u0151k\u0151re, ha meg akarja \u0151rizni a hat\u00e1rait.\u201d \u2013 Tyrion Lannister, Tr\u00f3nok harca Mondani sem kell, hogy a t\u00e9v\u00e9sorozat f\u0151c\u00edm\u00e9ben szerepl\u0151 id\u00e9zetek k\u00f6z\u00fcl sok az \u00faj tanfolyamokb\u00f3l sz\u00e1rmazik, de a sz\u00edn\u00e9szek hib\u00e1tlanul \u00e1ll\u00edtott\u00e1k el\u0151 \u0151ket, ez\u00e9rt k\u00fcl\u00f6n elismer\u00e9st kellett adnunk az HBO-nak. <!--more--> Teh\u00e1t, hogy jobban felk\u00e9sz\u00edts\u00fck \u00d6n\u00f6ket a t\u00e9v\u00e9sorozat befejez\u00e9s\u00e9re \u00e9s a sorozat folytat\u00e1s\u00e1ra, \u00edme 70 legjobb Tr\u00f3nok harca id\u00e9zet \u2013 fele az \u00fatmutat\u00f3kban, fele a leleplez\u00e9sben.<\/p>\n<p>Persze Jon sosem v\u00e1gyott kir\u00e1lyn\u0151re, miut\u00e1n visszat\u00e9rt az \u00e9jszakai Kil\u00e1t\u00e1sba, \u00e9s ezzel befejezte a t\u00f6rt\u00e9net\u00e9t \u2013 \u00e9s nem csak \u00fagy, ahogy Jon a Falon t\u00falra mer\u00e9szkedik, Westeros dekorat\u00edv t\u00fckreib\u0151l a te mes\u00e9d eredeti vil\u00e1g\u00e1t mutatja. A George R.R. Martin \u201eEgy \u00fat a j\u00e9gt\u0151l \u00e9s l\u00e1ngt\u00f3l\u201d c\u00edm\u0171 sorozat\u00e1nak legut\u00f3bbi kiad\u00e1sa az \u201e\u00c1lom tavaszr\u00f3l\u201d c\u00edmet viseli, \u00e9s a k\u00f6z\u00f6ns\u00e9g egy \u00e1lmot l\u00e1tott a leg\u00fajabb z\u00f6ld n\u00f6v\u00e9nyr\u0151l, amely kil\u00f3g a h\u00f3es\u00e9sb\u0151l, mik\u00f6zben Jon \u00e9szak fel\u00e9 tart a Vadak fel\u00e9. A Stark-h\u00e1z az elm\u00falt \u00e9vezredek \u00f3ta l\u00e9tez\u0151 Tr\u00f3nok harca egyik k\u00f6zponti otthona. A rajong\u00f3k r\u00e9g\u00f3ta v\u00e1rt\u00e1k, hogy v\u00e9gre l\u00e1ss\u00e1k \u0151t visszat\u00e9rni a cs\u00facsra, \u00edgy egy Stark uralkodik az \u00faj \u00c9szakon, \u00e9s a hat kir\u00e1lys\u00e1g csak cukork\u00e1knak t\u0171nt.<\/p>\n<ul>\n<li>V\u00e9g\u00fcl \u0151k lesznek az egyik legfontosabb jav\u00edt\u00f3 elem az eg\u00e9sz sorozatban, ellent\u00e9tben a karakterekkel.<\/li>\n<li>A Tr\u00f3nok harca \u00f6sszess\u00e9g\u00e9ben a leny\u0171g\u00f6z\u0151 \u00e9s kiss\u00e9 fellengz\u0151s elnevez\u00e9se a H\u00e9t Kir\u00e1lys\u00e1gban zajl\u00f3 \u00f6r\u00f6k energiaharcnak \u00e9s korm\u00e1nyzati intrik\u00e1knak.<\/li>\n<li>Martin tal\u00e1n elker\u00fcli a Brannel val\u00f3 t\u00f6rt\u00e9net\u00fcket, mivel a kir\u00e1lyn\u0151 \u00e9s Jon elpuszt\u00edthatj\u00e1k Daeneryst, de sokkal t\u00f6bb ideje lesz a t\u00f6rt\u00e9netsz\u00e1lak kialak\u00edt\u00e1s\u00e1ra.<\/li>\n<li>Mondhatni, George Roentgen. Roentgen. Martin leny\u0171g\u00f6z\u0151 Flame \u00e9s Freeze c\u00edm\u0171 sz\u00e1ma folyamatosan azon gondolkodik, hogyan is kell \u00e1lommes\u00e9l\u00e9st mes\u00e9lni.<\/li>\n<li>Befejez\u0151d\u00f6tt a Tr\u00f3nok harca c\u00edm\u0171 videoj\u00e1t\u00e9k, amelyben Sans\u00e1t \u00c9szak Kir\u00e1lyak\u00e9nt \u00fcnneplik, egy olyan tal\u00e1lkoz\u00f3t, amelyet el\u0151revet\u00edtett, amikor Daenerys t\u00e1mad\u00e1sa a Kir\u00e1lyn\u0151v\u00e1r ellen kett\u00e9osztotta az \u00faj t\u00e9rk\u00e9pet a k\u00f6z\u00e9ps\u0151 piros Er\u0151dben, elszigetelve az \u00faj \u00e9szaki kir\u00e1lys\u00e1gokat a d\u00e9li f\u00e9ltek\u00e9n.<\/li>\n<li>Az \u00faj esem\u00e9ny tov\u00e1bb er\u0151s\u00edti a H\u00e9t Kir\u00e1lys\u00e1g politikai harm\u00f3ni\u00e1j\u00e1nak t\u00f6rt\u00e9net\u00e9t, amelyben Eddard Stark felfedi Cersei Lannisternek, mit tud, miel\u0151tt Robert kir\u00e1ly vad\u00e1szni indult.<\/li>\n<\/ul>\n<p>N\u00e9zd meg az oldalt Tekintsd meg az \u00fatmutat\u00f3t Gondold \u00e1t a h\u00e1tt\u00e9r m\u00f3dos\u00edt\u00e1s\u00e1t Ismerd meg a kapcsol\u00f3d\u00f3 h\u00edreket N\u00e9zd meg a besz\u00e9lget\u00e9seket Keress helyi csoportokat Az \u00faj h\u00edr, ami nyolcadik alkalommal \u00e9rt v\u00e9get, a 2009-es \u00e9vad legal\u00e1bb 32 jel\u00f6l\u00e9st kapott a h\u00e9t m\u00e1sik kateg\u00f3ri\u00e1ban \u2013 olyan h\u00edress\u00e9gek, mint Sophie Turner, System Harington \u00e9s Emilia Clarke is jel\u00f6l\u00e9st kaptak. A Tr\u00f3nok harca nagy sikerre sz\u00e1m\u00edtott a leg\u00fajabb, 71. Emmy-d\u00edj\u00e1tad\u00f3n, miut\u00e1n id\u00e9n jel\u00f6l\u00e9seket gy\u0171jt\u00f6tt be. Martin azonban m\u00e9g azt is k\u00f6z\u00f6lte, hogy m\u00e9g nem fejezte be a sorozatot, \u00edgy mindig van egy csavar, hogy esetleg megv\u00e1ltoztatja a befejez\u00e9st. De minden rendben van, mert v\u00e9g\u00fcl Bran Stark (Isaac Hempstead Wright) uralja az \u00faj H\u00e9t Kir\u00e1lys\u00e1got \u2013 khm, f\u00e9l tucat Kir\u00e1lys\u00e1got \u2013 az \u00faj bemutat\u00f3 v\u00e9g\u00e9n. Elj\u00f6tt a t\u00e9l, mehett\u00fcnk, \u00e9s most v\u00e9gre megtudtuk, ki birtokolja az \u00faj Vastr\u00f3nt a vas\u00e1rnapi \u201eTr\u00f3nok harca\u201d fin\u00e1l\u00e9ja ut\u00e1n. Nos, tudjuk, ki \u00fclt volna benne, ha ez \u00edgy marad.<\/p>\n<h2 id=\"toc-0\">\u2018Tr\u00f3nok harca\u2019 utols\u00f3 \u00e9v podcast: Mennyibe ker\u00fcl a leg\u00fajabb Bells a m\u0171sor fin\u00e1l\u00e9j\u00e1ig: vulkan vegas prom\u00f3ci\u00f3s k\u00f3dok<\/h2>\n<p><img decoding=\"async\" src=\"https:\/\/www.ft.com\/__origami\/service\/image\/v2\/images\/raw\/https%253A%252F%252Fcms-image-bucket-production-ap-northeast-1-a7d2.s3.ap-northeast-1.amazonaws.com%252Fimages%252F_aliases%252Farticleimage%252F2%252F5%252F6%252F2%252F31472652-3-eng-GB%252FCropped-160911857188%2520Noodle_Photo%2520smaller.jpg?source=nar-cms\" alt=\"vulkan vegas prom\u00f3ci\u00f3s k\u00f3dok\" align=\"right\" border=\"1\" loading=\"lazy\"><\/p>\n<p>Az \u00faj esem\u00e9ny tov\u00e1bb viszi a H\u00e9t Kir\u00e1lys\u00e1g korm\u00e1nyzati egyens\u00faly\u00e1nak puszt\u00edt\u00e1s\u00e1r\u00f3l sz\u00f3l\u00f3 t\u00f6rt\u00e9netet, amelyben Ned Stark felfedi Cersei <a href=\"https:\/\/vulkanvegaswin.net\/promo-code\/\">vulkan vegas prom\u00f3ci\u00f3s k\u00f3dok<\/a> Lannisternek, mit tal\u00e1lt, mik\u00f6zben Robert Baratheon kir\u00e1lyn\u0151 a vad\u00e1szatodra marad. 2015 (5) Grafikai hat\u00e1sok (\u201cHardhome\u201d), hangv\u00e1g\u00e1s (\u201cHardhome\u201d), diz\u00e1jntervez\u00e9s \u00d6sszesen nyolc gy\u0151zelem, c\u00e9lzott versenyszekvenci\u00e1kkal. 2012 (2) Grafikai effektek, alkot\u00f3i keret, jelmeztervez\u00e9s, hangv\u00e1g\u00e1s Be\u00e9p\u00edtett lend\u00fclet n\u00e9gy technikai \u00fcnnepl\u00e9ssel. Az \u00faj esem\u00e9ny azt jelenti, hogy valaha tucat d\u00edjat nyert\u00e9l, \u00faj list\u00e1t vezetsz a sorozat legt\u00f6bb Emmy-gy\u0151zelm\u00e9r\u0151l egyetlen szezonban, felv\u00e1ltva a kor\u00e1bbi Southwest Wing menedzser kilenc gy\u0151zelm\u00e9t, \u00e9s csatolhatod ezt a sorozatot, \u00e9s megszerezheted a Mountain Highway Blues gy\u0151zelmeit egy dr\u00e1masorozattal a munk\u00e1ban.<\/p>\n<h2 id=\"toc-1\">Az utols\u00f3 Lannistereid k\u00f6z\u00fcl egy \u00fajabb r\u00f6vid tan\u00e1cskoz\u00e1st vezetnek<\/h2>\n<p>Renly, v\u00e9r\u00e1ramban v\u00e9dve, meg\u00e9rkezik Nedhez, hogy elmondja neked, ki Robert (ne feledd, Ned biztosan elmondan\u00e1 a Cersei leg\u00fajabb kir\u00e1ly\u00e1nak a gyerekeivel, ha legk\u00f6zelebb megl\u00e1tn\u00e1). Ok\u00e9, azzal is v\u00e9gz\u00fcnk, hogy Ned \u00faj t\u00f6rt\u00e9net\u00e9nek t\u00f6bbi r\u00e9sz\u00e9t is megosztjuk vele, mivel ez annyira f\u00e1j, hogy f\u00e1j a sz\u00edvem. Jorah megkapta, amit akart, de akkor a sr\u00e1c r\u00e1j\u00f6tt, hogy mit akar: \u0151t.<\/p>\n<h2 id=\"toc-2\">Gy\u0151ztes: Drogon<\/h2>\n<p>Egyszer\u0171en az\u00e9rt, mert az igazs\u00e1g az, hogy figyelembe v\u00e9ve Martin n\u00e9h\u00e1ny tov\u00e1bbi r\u00e9szlet\u00e9t az \u00f6t\u00f6dik k\u00f6nyv\u00fck, a S\u00e1rk\u00e1nyokkal teli t\u00e1nc v\u00e9g\u00e9n, nyilv\u00e1nval\u00f3nak t\u0171nik, hogy a t\u00f6rt\u00e9netnek egy eg\u00e9szen m\u00e1s \u00e1llom\u00e1s\u00e1t adja meg, mint az \u00faj r\u00e9szben. A Tr\u00f3nok harca v\u00e9ge miatti frusztr\u00e1ci\u00f3 ellen\u00e9re m\u00e9g mindig rengeteg rajong\u00f3 van, akik lelkesen szeretn\u00e9k elolvasni George R.R. Martin sorozat\u00e1nak t\u00f6bbi r\u00e9sz\u00e9t. Amikor a sorozat k\u00fcl\u00f6nleges perspekt\u00edv\u00e1t adott arra vonatkoz\u00f3an, hogy a Westeros Bran kir\u00e1lyn\u0151 k\u00f3dja alatt \u00e1ll, \u00e9s hogy Jon hogyan besz\u00e9l a Falon k\u00edv\u00fcli \u00e9letr\u0151l, az \u00faj spinoff v\u00e9get \u00e9r, \u00edgy a Tr\u00f3nok harca leg\u00fajabb ut\u00f3hat\u00e1sa rejt\u00e9lyes marad.<\/p>\n<p>Mivel a Home Starkb\u00f3l sz\u00e1rmaz\u00f3 elk\u00f6telezett gyerek, a We way to get to new st\u00e1blista feladta, amikor azt mondta, hogy \u201ej\u00e1t\u00e9k a tr\u00f3non k\u00edv\u00fcl\u201d. Sok halott Starkot \u00e9s \u00e9szaki embert \u0151rizt\u00fcnk meg. Ned sosem \u00e9rtette meg, m\u00e9g akkor sem, ha kih\u00edv\u00f3juk t\u00e1j\u00e9koztatta a gy\u0151zelemhez val\u00f3 ragaszkod\u00e1s k\u00f6vetkezm\u00e9nyeir\u0151l, \u00edgy lemaradt a r\u00f6vid t\u00e1v\u00fa k\u00fczdelemr\u0151l a Vastr\u00f3non, \u00e9s v\u00e9g\u00fcl az \u00e9let\u00e9ben. \u201eHa j\u00e1tszol a tr\u00f3non k\u00edv\u00fcli j\u00e1t\u00e9kokkal, a te gy\u0151zelmed vagy hal\u00e1lod van. Ez\u00e9rt nevezik \u0151ket \u2018b\u00e9k\u00e9t k\u00f6tni\u2019-nek.\u201d Renly elmondja nek\u00fcnk, hogy nem szeretik, \u00e9s sz\u00f6rny\u0171 kir\u00e1lyn\u0151 lehet, de Ned azt \u00e1ll\u00edtja, hogy vannak vezet\u0151i a csat\u00e1hoz.<\/p>\n<p><img decoding=\"async\" src=\"https:\/\/estafaonline.com\/wp-content\/uploads\/2018\/03\/estafa_planetwin365_logo.png\" alt=\"vulkan vegas prom\u00f3ci\u00f3s k\u00f3dok\" style=\"padding: 10px;\" align=\"left\" border=\"1\" loading=\"lazy\"><\/p>\n<p>Az \u00faj sorozat a F\u00e9mtr\u00f3n lerombol\u00e1s\u00e1val, a vezet\u0151k \u00e9s a kir\u00e1lyn\u0151k kiv\u00e1laszt\u00e1s\u00e1nak kor\u00e1bbi programj\u00e1nak megsz\u0171n\u00e9s\u00e9vel, Bran Starkot (Isaac Hempstead Wright) v\u00e1lasztott\u00e1k meg Westeros \u00faj kir\u00e1ly\u00e1v\u00e1, \u00e9s Sansa Starkot (Sophie Turner) v\u00e1lasztott\u00e1k meg az \u00faj \u00c9szakon egy m\u00e1sik kir\u00e1lys\u00e1gk\u00e9nt. Tov\u00e1bbi 5,7 milli\u00f3 l\u00e1togat\u00f3 \u00e9rkezett a streaming platformokra, \u00edgy a n\u00e9zetts\u00e9g el\u00e9rte a 19,3 milli\u00f3t. Az \u00faj epiz\u00f3dot 13,61 milli\u00f3an l\u00e1tt\u00e1k az els\u0151 HBO-k\u00f6zvet\u00edt\u00e9sen, \u00edgy ez az \u00faj sorozat egyik legn\u00e9zettebb r\u00e9sze, meghaladva az el\u0151z\u0151 epiz\u00f3d, a \u201cThe New Bells\u201d-t, valamint a valaha volt legt\u00f6bbet n\u00e9zett HBO-k\u00f6zvet\u00edt\u00e9s, meghaladva a Maffi\u00f3z\u00f3k \u201cFor all Debts Social and Private\u201d c\u00edm\u0171 epiz\u00f3dj\u00e1nak 13,4 milli\u00f3s n\u00e9z\u0151sz\u00e1m\u00e1t. Jon arra sz\u00e1m\u00edt, hogy ezek visszat\u00e9rnek a Falon k\u00edv\u00fcli ter\u00fcletekre, mivel az \u00e9vezredek sor\u00e1n a t\u00e9l abban a r\u00e9gi\u00f3ban v\u00e9gre olvadni kezd. Arya \u00fagy d\u00f6nt, hogy a friss, ismeretlen Naplemente-tengert eml\u00edti Westerost\u00f3l nyugatra. Bran Tyriont nevezi ki az \u0150rs\u00e9g parancsnok\u00e1v\u00e1, hogy Tyrion j\u00f3v\u00e1tegye a saj\u00e1t s\u00e9relmeiket, \u00e9s Jont arra \u00edt\u00e9li, hogy \u00e9letfogytiglan csatlakozzon az esti \u0150rs\u00e9ghez, hogy kiengesztelje Sz\u00fcrke F\u00e9reget.<\/p>\n<p><\/p>\n<\/body>","protected":false},"excerpt":{"rendered":"<p>Bejegyz\u00e9sek &#8216;Tr\u00f3nok harca&#8217; utols\u00f3 \u00e9v podcast: Mennyibe ker\u00fcl a leg\u00fajabb Bells a m\u0171sor fin\u00e1l\u00e9j\u00e1ig: vulkan vegas prom\u00f3ci\u00f3s k\u00f3dok Az utols\u00f3 Lannistereid k\u00f6z\u00fcl egy \u00fajabb r\u00f6vid tan\u00e1cskoz\u00e1st vezetnek Gy\u0151ztes: Drogon \u201eEgy ment\u00e1lis l\u00e9nynek tanfolyamokra van sz\u00fcks\u00e9ge, mint egy kardnak j\u00f3 fen\u0151k\u0151re, ha meg akarja \u0151rizni a hat\u00e1rait.\u201d \u2013 Tyrion Lannister, Tr\u00f3nok harca Mondani sem kell, hogy [&hellip;]<\/p>\n","protected":false},"author":1,"featured_media":0,"comment_status":"closed","ping_status":"open","sticky":false,"template":"","format":"standard","meta":{"om_disable_all_campaigns":false,"footnotes":""},"categories":[1],"tags":[],"class_list":["post-27382","post","type-post","status-publish","format-standard","hentry","category-uncategorized"],"_links":{"self":[{"href":"https:\/\/pws.software\/stelin-auto\/wp-json\/wp\/v2\/posts\/27382","targetHints":{"allow":["GET"]}}],"collection":[{"href":"https:\/\/pws.software\/stelin-auto\/wp-json\/wp\/v2\/posts"}],"about":[{"href":"https:\/\/pws.software\/stelin-auto\/wp-json\/wp\/v2\/types\/post"}],"author":[{"embeddable":true,"href":"https:\/\/pws.software\/stelin-auto\/wp-json\/wp\/v2\/users\/1"}],"replies":[{"embeddable":true,"href":"https:\/\/pws.software\/stelin-auto\/wp-json\/wp\/v2\/comments?post=27382"}],"version-history":[{"count":1,"href":"https:\/\/pws.software\/stelin-auto\/wp-json\/wp\/v2\/posts\/27382\/revisions"}],"predecessor-version":[{"id":27383,"href":"https:\/\/pws.software\/stelin-auto\/wp-json\/wp\/v2\/posts\/27382\/revisions\/27383"}],"wp:attachment":[{"href":"https:\/\/pws.software\/stelin-auto\/wp-json\/wp\/v2\/media?parent=27382"}],"wp:term":[{"taxonomy":"category","embeddable":true,"href":"https:\/\/pws.software\/stelin-auto\/wp-json\/wp\/v2\/categories?post=27382"},{"taxonomy":"post_tag","embeddable":true,"href":"https:\/\/pws.software\/stelin-auto\/wp-json\/wp\/v2\/tags?post=27382"}],"curies":[{"name":"wp","href":"https:\/\/api.w.org\/{rel}","templated":true}]}}